{"id":46,"date":"2025-11-25T23:08:09","date_gmt":"2025-11-25T23:08:09","guid":{"rendered":"https:\/\/guitarlux.de\/?p=46"},"modified":"2025-12-04T20:01:38","modified_gmt":"2025-12-04T20:01:38","slug":"wer-war-daniel-alomia-robles-el-condor-pasa-teil-1-und-zwei","status":"publish","type":"post","link":"https:\/\/guitarlux.de\/?p=46","title":{"rendered":"Wer war Daniel Alomia Robles? ( El Condor Pasa Teil 1 und 2)"},"content":{"rendered":"<div data-subtree=\"aimfl\" data-complete=\"true\" data-processed=\"true\"><\/div>\n<div data-subtree=\"aimfl\" data-complete=\"true\" data-processed=\"true\">Ich konnte es nicht fassen, nach ein paar Versuchen konnte ich den zweiten Part von <strong>El Condor Pasa<\/strong> spielen.<\/div>\n<div data-subtree=\"aimfl\" data-complete=\"true\" data-processed=\"true\"><\/div>\n<div data-subtree=\"aimfl\" data-complete=\"true\" data-processed=\"true\">Was noch wichtig w\u00e4re, wo f\u00fcr und f\u00fcr wen dieses Lied komponiert wurde, so k\u00f6nnt ihr euch in jeden Song hineinversetzten und die Gef\u00fchle freien Lauf lassen. Nehmt euch ein wenig Zeit, und recherchiert, wof\u00fcr dieser Titel komponiert wurde.<\/div>\n<div data-subtree=\"aimfl\" data-complete=\"true\" data-processed=\"true\"><\/div>\n<div data-subtree=\"aimfl\" data-complete=\"true\" data-processed=\"true\"><strong>\u00a0Die Fakten und Herkunft \u00fcber Daniel Alom\u00eda Robles<\/strong><\/div>\n<p><span class=\"T286Pc\" data-sfc-cp=\"\" data-complete=\"true\" data-processed=\"true\"><strong>Daniel Alom\u00eda Robles<\/strong>\u00a0 war ein <\/span><strong><mark class=\"HxTRcb\" data-complete=\"true\" data-sae=\"\"><span class=\"T286Pc\" data-sfc-cp=\"\" data-complete=\"true\">bedeutender <\/span>peruanischer Komponist und Musikethnologe<\/mark> (1871\u20131942).<span class=\"uJ19be notranslate\" data-wiz-uids=\"qZvMae_h,qZvMae_i,qZvMae_j\" data-complete=\"true\" data-processed=\"true\"><span class=\"vKEkVd\" data-animation-atomic=\"\" data-sae=\"\">\u00a0<\/span><\/span><\/strong><\/p>\n<p>Er ist heute vor allem als der Sch\u00f6pfer von <strong class=\"Yjhzub\" data-complete=\"true\" data-processed=\"true\">&#171;El C\u00f3ndor Pasa&#187;<\/strong> bekannt, einem der ber\u00fchmtesten und international anerkanntesten peruanischen Musikst\u00fccke.<span class=\"uJ19be notranslate\" data-wiz-uids=\"qZvMae_o,qZvMae_p,qZvMae_q\" data-complete=\"true\" data-processed=\"true\"><span class=\"vKEkVd\" data-animation-atomic=\"\" data-sae=\"\">\u00a0<\/span><\/span><\/p>\n<p><span class=\"T286Pc\" data-sfc-cp=\"\" data-complete=\"true\"><strong class=\"Yjhzub\" data-complete=\"true\">Herkunft und Ausbildung: <\/strong><\/span><\/p>\n<p><span class=\"T286Pc\" data-sfc-cp=\"\" data-complete=\"true\">Geboren in Hu\u00e1nuco, Peru. Er zeigte fr\u00fch musikalisches Talent und studierte sp\u00e4ter in Lima und im Ausland.<\/span><\/p>\n<p><span class=\"T286Pc\" data-sfc-cp=\"\" data-complete=\"true\"><strong class=\"Yjhzub\" data-complete=\"true\">Musikethnologie:<\/strong> <\/span><\/p>\n<p><span class=\"T286Pc\" data-sfc-cp=\"\" data-complete=\"true\"><strong>Alom\u00eda Robles<\/strong> war ein leidenschaftlicher Sammler indigener Andenmusik. <\/span><span class=\"T286Pc\" data-sfc-cp=\"\" data-complete=\"true\">Er bereiste Peru und sammelte \u00fcber 700 Volkslieder, T\u00e4nze und Melodien, um sie vor dem Vergessen zu bewahren.<\/span><\/p>\n<p><span class=\"T286Pc\" data-sfc-cp=\"\" data-complete=\"true\"><strong class=\"Yjhzub\" data-complete=\"true\">El C\u00f3ndor Pasa<\/strong><\/span><span class=\"T286Pc\" data-sfc-cp=\"\" data-complete=\"true\"><strong class=\"Yjhzub\" data-complete=\"true\">:<\/strong> <\/span><\/p>\n<p><span class=\"T286Pc\" data-sfc-cp=\"\" data-complete=\"true\">Er komponierte die Musik f\u00fcr die gleichnamige <strong class=\"Yjhzub\" data-complete=\"true\">Zarzuela<\/strong> (eine Art spanisches Musical) im Jahr <strong>1913<\/strong>, die <strong>1913<\/strong> in Lima uraufgef\u00fchrt wurde. <\/span><\/p>\n<p><span class=\"T286Pc\" data-sfc-cp=\"\" data-complete=\"true\">Die Handlung des St\u00fccks thematisiert den Konflikt zwischen indigenen Bergleuten und ihren europ\u00e4ischen Unterdr\u00fcckern in einer Mine in den Anden.<\/span><\/p>\n<p><span class=\"T286Pc\" data-sfc-cp=\"\" data-complete=\"true\"><strong class=\"Yjhzub\" data-complete=\"true\">Bedeutung der Melodie:<\/strong> <\/span><\/p>\n<p><span class=\"T286Pc\" data-sfc-cp=\"\" data-complete=\"true\">Die Hauptmelodie, die heute als &#171;El C\u00f3ndor Pasa&#187; bekannt ist, basiert auf traditionellen andinen Weisen und wurde 2004 von Peru zum Teil des nationalen Kulturerbes erkl\u00e4rt.<\/span><\/p>\n<p><span class=\"T286Pc\" data-sfc-cp=\"\" data-complete=\"true\"><strong class=\"Yjhzub\" data-complete=\"true\">Weltweite Bekanntheit:<\/strong> <\/span><\/p>\n<p><span class=\"T286Pc\" data-sfc-cp=\"\" data-complete=\"true\">Obwohl das St\u00fcck urspr\u00fcnglich ein peruanisches Instrumentalwerk war, erlangte es 1970 durch die Version des US-amerikanischen Duos <strong>Simon &amp; Garfunkel (mit einem englischen Text von Paul Simon)<\/strong> weltweite Ber\u00fchmtheit.<\/span><span class=\"uJ19be notranslate\" data-wiz-uids=\"qZvMae_3g,qZvMae_3h,qZvMae_3i\" data-complete=\"true\"><span class=\"vKEkVd\" data-animation-atomic=\"\" data-sae=\"\">\u00a0<\/span><\/span><\/p>\n<p>&nbsp;<\/p>\n<div style=\"width: 584px;\" class=\"wp-video\"><video class=\"wp-video-shortcode\" id=\"video-46-1\" width=\"584\" height=\"270\" preload=\"metadata\" controls=\"controls\"><source type=\"video\/mp4\" src=\"https:\/\/guitarlux.de\/wp-content\/uploads\/2025\/11\/20251125_103917.mp4?_=1\" \/><a href=\"https:\/\/guitarlux.de\/wp-content\/uploads\/2025\/11\/20251125_103917.mp4\">https:\/\/guitarlux.de\/wp-content\/uploads\/2025\/11\/20251125_103917.mp4<\/a><\/video><\/div>\n<p>&nbsp;<\/p>\n<div class=\"Y3BBE\" data-sfc-cp=\"\" data-hveid=\"CAEIBRAG\" data-complete=\"true\">\n<div class=\"Y3BBE\" data-sfc-cp=\"\" data-hveid=\"CAEIAxAA\" data-complete=\"true\" data-processed=\"true\"><strong class=\"Yjhzub\" data-complete=\"true\" data-processed=\"true\">Teilen Sie Ihre Leidenschaft \u2013 ich freue mich auf Ihre Kommentare!<\/strong><\/div>\n<div class=\"Y3BBE\" data-sfc-cp=\"\" data-hveid=\"CAEIBBAA\" data-complete=\"true\" data-processed=\"true\">Wenn Sie meine Begeisterung f\u00fcr Musik teilen und selbst leidenschaftlich dabei sind, freue ich mich riesig auf Ihre Kommentare! Ich gebe mein Bestes, jede R\u00fcckmeldung so schnell wie m\u00f6glich zu beantworten.<\/div>\n<div class=\"Y3BBE\" data-sfc-cp=\"\" data-hveid=\"CAEIBRAA\" data-complete=\"true\" data-processed=\"true\">Herzlich willkommen auf meiner Webseite \u2013 lassen Sie uns in den Austausch gehen! Vielen<\/div>\n<div data-sfc-cp=\"\" data-hveid=\"CAEIBRAA\" data-complete=\"true\" data-processed=\"true\"><\/div>\n<\/div>\n<p>&nbsp;<\/p>\n<p><img loading=\"lazy\" decoding=\"async\" class=\"alignnone size-medium wp-image-18\" src=\"https:\/\/guitarlux.de\/wp-content\/uploads\/2025\/11\/PXL_20250714_105323224.MP_-1-1152x2048-2-169x300.jpg\" alt=\"\" width=\"169\" height=\"300\" srcset=\"https:\/\/guitarlux.de\/wp-content\/uploads\/2025\/11\/PXL_20250714_105323224.MP_-1-1152x2048-2-169x300.jpg 169w, https:\/\/guitarlux.de\/wp-content\/uploads\/2025\/11\/PXL_20250714_105323224.MP_-1-1152x2048-2-576x1024.jpg 576w, https:\/\/guitarlux.de\/wp-content\/uploads\/2025\/11\/PXL_20250714_105323224.MP_-1-1152x2048-2-768x1365.jpg 768w, https:\/\/guitarlux.de\/wp-content\/uploads\/2025\/11\/PXL_20250714_105323224.MP_-1-1152x2048-2-864x1536.jpg 864w, https:\/\/guitarlux.de\/wp-content\/uploads\/2025\/11\/PXL_20250714_105323224.MP_-1-1152x2048-2.jpg 1152w\" sizes=\"auto, (max-width: 169px) 100vw, 169px\" \/><\/p>\n","protected":false},"excerpt":{"rendered":"<p>Ich konnte es nicht fassen, nach ein paar Versuchen konnte ich den zweiten Part von El Condor Pasa spielen. Was noch wichtig w\u00e4re, wo f\u00fcr und f\u00fcr wen dieses Lied komponiert wurde, so k\u00f6nnt ihr euch in jeden Song hineinversetzten &hellip; <a href=\"https:\/\/guitarlux.de\/?p=46\">Continue reading <span class=\"meta-nav\">&rarr;<\/span><\/a><\/p>\n","protected":false},"author":1,"featured_media":47,"comment_status":"open","ping_status":"closed","sticky":false,"template":"","format":"standard","meta":{"footnotes":""},"categories":[19,20,14,15],"tags":[21,11,5],"class_list":["post-46","post","type-post","status-publish","format-standard","has-post-thumbnail","hentry","category-daniel-alomia-robles","category-der-condor-fliegt","category-el-condor-pasa","category-video","tag-daniel-alomia-robles","tag-el-condor-pasa","tag-video"],"_links":{"self":[{"href":"https:\/\/guitarlux.de\/index.php?rest_route=\/wp\/v2\/posts\/46","targetHints":{"allow":["GET"]}}],"collection":[{"href":"https:\/\/guitarlux.de\/index.php?rest_route=\/wp\/v2\/posts"}],"about":[{"href":"https:\/\/guitarlux.de\/index.php?rest_route=\/wp\/v2\/types\/post"}],"author":[{"embeddable":true,"href":"https:\/\/guitarlux.de\/index.php?rest_route=\/wp\/v2\/users\/1"}],"replies":[{"embeddable":true,"href":"https:\/\/guitarlux.de\/index.php?rest_route=%2Fwp%2Fv2%2Fcomments&post=46"}],"version-history":[{"count":5,"href":"https:\/\/guitarlux.de\/index.php?rest_route=\/wp\/v2\/posts\/46\/revisions"}],"predecessor-version":[{"id":66,"href":"https:\/\/guitarlux.de\/index.php?rest_route=\/wp\/v2\/posts\/46\/revisions\/66"}],"wp:featuredmedia":[{"embeddable":true,"href":"https:\/\/guitarlux.de\/index.php?rest_route=\/wp\/v2\/media\/47"}],"wp:attachment":[{"href":"https:\/\/guitarlux.de\/index.php?rest_route=%2Fwp%2Fv2%2Fmedia&parent=46"}],"wp:term":[{"taxonomy":"category","embeddable":true,"href":"https:\/\/guitarlux.de\/index.php?rest_route=%2Fwp%2Fv2%2Fcategories&post=46"},{"taxonomy":"post_tag","embeddable":true,"href":"https:\/\/guitarlux.de\/index.php?rest_route=%2Fwp%2Fv2%2Ftags&post=46"}],"curies":[{"name":"wp","href":"https:\/\/api.w.org\/{rel}","templated":true}]}}